{"id":510,"date":"2023-11-14T13:54:28","date_gmt":"2023-11-14T12:54:28","guid":{"rendered":"https:\/\/svettisku.eu\/?p=510"},"modified":"2023-11-14T13:54:28","modified_gmt":"2023-11-14T12:54:28","slug":"moderni-technologie-v-polygrafii","status":"publish","type":"post","link":"https:\/\/svettisku.eu\/index.php\/2023\/11\/14\/moderni-technologie-v-polygrafii\/","title":{"rendered":"Modern\u00ed technologie v\u00a0polygrafii"},"content":{"rendered":"\n<p><em>Katedra polygrafie a\u00a0fotofyziky Univerzity Pardubice otev\u00edr\u00e1 v\u00a0roce 2024 XII. ro\u010dn\u00edk licen\u010dn\u00edho studia<\/em><\/p>\n\n\n\n<p>Licen\u010dn\u00ed studium je ur\u010deno pro dal\u0161\u00ed vzd\u011bl\u00e1v\u00e1n\u00ed a&nbsp;rekvalifikaci pracovn\u00edk\u016f, kte\u0159\u00ed pracuj\u00ed v&nbsp;polygrafick\u00e9m pr\u016fmyslu, zab\u00fdvaj\u00ed se&nbsp;obchodem s&nbsp;polygrafick\u00fdmi v\u00fdrobky nebo jsou dodavateli materi\u00e1l\u016f pro polygrafick\u00fd pr\u016fmysl. Dvan\u00e1ct\u00fd ro\u010dn\u00edk dvousemestr\u00e1ln\u00edho studia bude prob\u00edhat od&nbsp;\u00fanora 2024 do&nbsp;kv\u011btna 2025 formou distan\u010dn\u00edho studia ve&nbsp;form\u011b dvoudenn\u00edch soust\u0159ed\u011bn\u00ed sedmkr\u00e1t za&nbsp;semestr. Obsah licen\u010dn\u00edho studia je rozd\u011blen do&nbsp;sedmi p\u0159edm\u011btov\u00fdch blok\u016f p\u0159edn\u00e1\u0161ek, semin\u00e1\u0159\u016f, praktick\u00fdch cvi\u010den\u00ed a&nbsp;exkurz\u00ed, ukon\u010den\u00fdch p\u00edsemnou klasifikovanou zkou\u0161kou. Ve&nbsp;druh\u00e9m semestru studia student vypracuje p\u00edsemnou z\u00e1v\u011bre\u010dnou pr\u00e1ci na&nbsp;zadan\u00e9 t\u00e9ma, kterou u&nbsp;z\u00e1v\u011bre\u010dn\u00e9 zkou\u0161ky bude obhajovat.<\/p>\n\n\n\n<figure class=\"wp-block-image size-large\"><img loading=\"lazy\" decoding=\"async\" width=\"1024\" height=\"286\" src=\"https:\/\/svettisku.eu\/wp-content\/uploads\/2023\/11\/UP-hlavicka_webovky1_112352-1024x286.jpg\" alt=\"\" class=\"wp-image-512\" srcset=\"https:\/\/svettisku.eu\/wp-content\/uploads\/2023\/11\/UP-hlavicka_webovky1_112352-1024x286.jpg 1024w, https:\/\/svettisku.eu\/wp-content\/uploads\/2023\/11\/UP-hlavicka_webovky1_112352-300x84.jpg 300w, https:\/\/svettisku.eu\/wp-content\/uploads\/2023\/11\/UP-hlavicka_webovky1_112352-768x215.jpg 768w, https:\/\/svettisku.eu\/wp-content\/uploads\/2023\/11\/UP-hlavicka_webovky1_112352-1536x430.jpg 1536w, https:\/\/svettisku.eu\/wp-content\/uploads\/2023\/11\/UP-hlavicka_webovky1_112352-2048x573.jpg 2048w, https:\/\/svettisku.eu\/wp-content\/uploads\/2023\/11\/UP-hlavicka_webovky1_112352-1170x327.jpg 1170w\" sizes=\"auto, (max-width: 1024px) 100vw, 1024px\" \/><\/figure>\n\n\n\n<p><strong>P\u0159edm\u011btov\u00e9 bloky licen\u010dn\u00edho studia:<\/strong><\/p>\n\n\n\n<ul class=\"wp-block-list\">\n<li><strong>Z\u00e1klady reprodukce obrazu<\/strong> \u2013 barva a&nbsp;barevn\u00e9 vid\u011bn\u00ed, z\u00e1klady kolorimetrie, reprodukce barev v&nbsp;polygrafii, \u010dernob\u00edl\u00e1 a&nbsp;barevn\u00e1 fotografie, z\u00e1klady spr\u00e1vy barev<\/li>\n\n\n\n<li><strong>P\u0159\u00edprava tisku<\/strong>, po\u010d\u00edta\u010dov\u00e9 zpracov\u00e1n\u00ed textu a&nbsp;obrazu, z\u00e1klady typografie<\/li>\n\n\n\n<li><strong>Polygrafick\u00e9 materi\u00e1ly <\/strong>\u2013 polymern\u00ed materi\u00e1ly pou\u017e\u00edvan\u00e9 v&nbsp;polygrafii, povrchov\u00e9 nap\u011bt\u00ed pevn\u00fdch l\u00e1tek a&nbsp;kapalin, tiskov\u00e9 pap\u00edry, tiskov\u00e9 barvy, z\u00e1klady fotofyziky a&nbsp;fotochemie, UV a&nbsp;EB z\u00e1\u0159en\u00edm vytvrzovan\u00e9 tiskov\u00e9 barvy, migrace l\u00e1tek z&nbsp;tiskov\u00fdch barev a&nbsp;lak\u016f, speci\u00e1ln\u00ed tiskov\u00e9 barvy, kniha\u0159sk\u00e9 materi\u00e1ly<\/li>\n\n\n\n<li><strong>Tiskov\u00e9 techniky \u2013 <\/strong>ofsetov\u00fd tisk, flexotisk, hlubotisk, s\u00edtotisk, tamponov\u00fd tisk, digit\u00e1ln\u00ed tisk<\/li>\n\n\n\n<li><strong>Kvalita tisku a&nbsp;jej\u00ed hodnocen\u00ed<\/strong> \u2013 reprodukce t\u00f3n\u016f, barev a&nbsp;detail\u016f, parametry kvality tisku a&nbsp;jejich m\u011b\u0159en\u00ed, ISO 12647<\/li>\n\n\n\n<li><strong>Zu\u0161lech\u0165ov\u00e1n\u00ed a&nbsp;dokon\u010dov\u00e1n\u00ed tiskovin <\/strong>\u2013 zu\u0161lech\u0165ov\u00e1n\u00ed tiskovin lakov\u00e1n\u00edm, laminov\u00e1n\u00edm, pomoc\u00ed prostorov\u00fdch efekt\u016f; \u010d\u00e1rov\u00e9 a&nbsp;plo\u0161n\u00e9 k\u00f3dy; operace dokon\u010dov\u00e1n\u00ed tiskovin \u2013 \u0159ez\u00e1n\u00ed, skl\u00e1d\u00e1n\u00ed, sn\u00e1\u0161en\u00ed, kni\u017en\u00ed vazby; dokon\u010dov\u00e1n\u00ed speci\u00e1ln\u00ed polygrafick\u00e9 produkce \u2013 tiskopisy, kalend\u00e1\u0159e, etikety, flexibiln\u00ed obaly, karton\u00e1\u017e, ceniny; balen\u00ed a&nbsp;p\u0159eprava produkce<\/li>\n\n\n\n<li><strong>Trendy v\u00fdvoje polygrafick\u00e9ho pr\u016fmyslu <\/strong>\u2013 statistick\u00e9 v\u00fdsledky a&nbsp;trendy v\u00fdvoje polygrafick\u00e9ho pr\u016fmyslu, ekologie polygrafick\u00e9 v\u00fdroby, \u0159\u00eddic\u00ed a&nbsp;informa\u010dn\u00ed syst\u00e9my v&nbsp;polygrafii, z\u00e1kladn\u00ed principy aplikace tiskov\u00fdch proces\u016f v&nbsp;elektronice, ti\u0161t\u011bn\u00e1 elektronika, 3D-tisk (20 hodin)<\/li>\n<\/ul>\n\n\n\n<figure class=\"wp-block-image size-large\"><img loading=\"lazy\" decoding=\"async\" width=\"1024\" height=\"617\" src=\"https:\/\/svettisku.eu\/wp-content\/uploads\/2023\/11\/UP-P1080587-1024x617.jpg\" alt=\"\" class=\"wp-image-513\" srcset=\"https:\/\/svettisku.eu\/wp-content\/uploads\/2023\/11\/UP-P1080587-1024x617.jpg 1024w, https:\/\/svettisku.eu\/wp-content\/uploads\/2023\/11\/UP-P1080587-300x181.jpg 300w, https:\/\/svettisku.eu\/wp-content\/uploads\/2023\/11\/UP-P1080587-768x463.jpg 768w, https:\/\/svettisku.eu\/wp-content\/uploads\/2023\/11\/UP-P1080587-1536x926.jpg 1536w, https:\/\/svettisku.eu\/wp-content\/uploads\/2023\/11\/UP-P1080587-2048x1234.jpg 2048w, https:\/\/svettisku.eu\/wp-content\/uploads\/2023\/11\/UP-P1080587-1170x705.jpg 1170w\" sizes=\"auto, (max-width: 1024px) 100vw, 1024px\" \/><\/figure>\n\n\n\n<p>P\u0159edn\u00e1\u0161ky a\u00a0praktick\u00e9 semin\u00e1\u0159e se\u00a0budou konat v\u00a0u\u010debn\u011b Katedry polygrafie a\u00a0fotofyziky v\u00a0Technologick\u00e9m pavilonu Univerzity Pardubice v\u00a0Doubravic\u00edch. Pro \u00fa\u010dastn\u00edky kurzu bude zaji\u0161t\u011bna mo\u017enost ubytov\u00e1n\u00ed ve\u00a0studentsk\u00fdch kolej\u00edch univerzity a\u00a0mo\u017enost zakoupen\u00ed ob\u011bd\u016f ve\u00a0studentsk\u00e9 menze. Ubytov\u00e1n\u00ed, stravov\u00e1n\u00ed a\u00a0cestovn\u00ed n\u00e1klady si \u00fa\u010dastn\u00edci licen\u010dn\u00edho studia budou hradit sami. Ve\u0161ker\u00e9 n\u00e1klady, spojen\u00e9 s\u00a0po\u0159\u00e1d\u00e1n\u00edm licen\u010dn\u00edho studia, p\u0159\u00edpravou a\u00a0tiskem studijn\u00edch materi\u00e1l\u016f a\u00a0technick\u00fdm zabezpe\u010den\u00edm studia budou hrazeny z\u00a0vlo\u017en\u00e9ho, kter\u00e9 bylo stanoveno ve\u00a0v\u00fd\u0161i<strong> <\/strong>55\u00a0000\u00a0K\u010d. Vlo\u017en\u00e9 je osvobozeno od\u00a0DPH a\u00a0jeho uhrazen\u00ed je nezbytnou podm\u00ednkou pro p\u0159ijet\u00ed k\u00a0licen\u010dn\u00edmu studiu.<\/p>\n\n\n\n<p>Dal\u0161\u00ed informace o\u00a0studiu a\u00a0formul\u00e1\u0159 p\u0159ihl\u00e1\u0161ky jsou uve\u0159ejn\u011bny na\u00a0str\u00e1nk\u00e1ch Katedry polygrafie a\u00a0fotofyziky na\u00a0adrese <a href=\"https:\/\/fcht.upce.cz\/fcht\/kpf\/licencnistudium.html\">https:\/\/fcht.upce.cz\/fcht\/kpf\/licencnistudium.html<\/a>. Kontaktn\u00ed osobou k\u00a0p\u0159ij\u00edm\u00e1n\u00ed p\u0159ihl\u00e1\u0161ek ke\u00a0studiu je Ing.\u00a0Hana Holick\u00e1, Ph.D., tel.: 466\u00a0038 067, fax: 466\u00a0038 031, e-mail: <a href=\"mailto:hana.holicka@upce.cz\">hana.holicka@upce.cz<\/a>.<\/p>\n\n\n\n<p>P\u0159ihl\u00e1\u0161ku je mo\u017en\u00e9 zaslat mailem na&nbsp;adresu <a href=\"mailto:hana.holicka@upce.czp\">hana.holicka@upce.cz<\/a> nebo po\u0161tou na&nbsp;adresu: Univerzita Pardubice, Fakulta chemicko-technologick\u00e1, Katedra polygrafie a&nbsp;fotofyziky, Ing.&nbsp;Hana Holick\u00e1, Ph.D., Studentsk\u00e1 95, 532&nbsp;10 Pardubice.<\/p>\n\n\n\n<figure class=\"wp-block-image size-large\"><img loading=\"lazy\" decoding=\"async\" width=\"1024\" height=\"594\" src=\"https:\/\/svettisku.eu\/wp-content\/uploads\/2023\/11\/UP-DSCN1792-1024x594.jpg\" alt=\"\" class=\"wp-image-514\" srcset=\"https:\/\/svettisku.eu\/wp-content\/uploads\/2023\/11\/UP-DSCN1792-1024x594.jpg 1024w, https:\/\/svettisku.eu\/wp-content\/uploads\/2023\/11\/UP-DSCN1792-300x174.jpg 300w, https:\/\/svettisku.eu\/wp-content\/uploads\/2023\/11\/UP-DSCN1792-768x446.jpg 768w, https:\/\/svettisku.eu\/wp-content\/uploads\/2023\/11\/UP-DSCN1792-1536x892.jpg 1536w, https:\/\/svettisku.eu\/wp-content\/uploads\/2023\/11\/UP-DSCN1792-1170x679.jpg 1170w, https:\/\/svettisku.eu\/wp-content\/uploads\/2023\/11\/UP-DSCN1792.jpg 1645w\" sizes=\"auto, (max-width: 1024px) 100vw, 1024px\" \/><\/figure>\n","protected":false},"excerpt":{"rendered":"<p>Katedra polygrafie a\u00a0fotofyziky Univerzity Pardubice otev\u00edr\u00e1 v\u00a0roce 2024 XII. ro\u010dn\u00edk licen\u010dn\u00edho studia Licen\u010dn\u00ed studium je ur\u010deno pro dal\u0161\u00ed vzd\u011bl\u00e1v\u00e1n\u00ed a&nbsp;rekvalifikaci pracovn\u00edk\u016f, kte\u0159\u00ed pracuj\u00ed v&nbsp;polygrafick\u00e9m pr\u016fmyslu, zab\u00fdvaj\u00ed se&nbsp;obchodem s&nbsp;polygrafick\u00fdmi v\u00fdrobky nebo jsou dodavateli materi\u00e1l\u016f pro polygrafick\u00fd pr\u016fmysl. Dvan\u00e1ct\u00fd ro\u010dn\u00edk dvousemestr\u00e1ln\u00edho studia bude prob\u00edhat od&nbsp;\u00fanora 2024 do&nbsp;kv\u011btna 2025 formou distan\u010dn\u00edho studia ve&nbsp;form\u011b<\/p>\n","protected":false},"author":2,"featured_media":511,"comment_status":"closed","ping_status":"","sticky":false,"template":"","format":"standard","meta":{"footnotes":""},"categories":[5,1,4,11,6,10,7],"tags":[],"class_list":["post-510","post","type-post","status-publish","format-standard","has-post-thumbnail","hentry","category-dtp","category-nezarazene","category-ostatni","category-post-press","category-pre-press","category-press","category-signmaking",""],"_links":{"self":[{"href":"https:\/\/svettisku.eu\/index.php\/wp-json\/wp\/v2\/posts\/510","targetHints":{"allow":["GET"]}}],"collection":[{"href":"https:\/\/svettisku.eu\/index.php\/wp-json\/wp\/v2\/posts"}],"about":[{"href":"https:\/\/svettisku.eu\/index.php\/wp-json\/wp\/v2\/types\/post"}],"author":[{"embeddable":true,"href":"https:\/\/svettisku.eu\/index.php\/wp-json\/wp\/v2\/users\/2"}],"replies":[{"embeddable":true,"href":"https:\/\/svettisku.eu\/index.php\/wp-json\/wp\/v2\/comments?post=510"}],"version-history":[{"count":1,"href":"https:\/\/svettisku.eu\/index.php\/wp-json\/wp\/v2\/posts\/510\/revisions"}],"predecessor-version":[{"id":515,"href":"https:\/\/svettisku.eu\/index.php\/wp-json\/wp\/v2\/posts\/510\/revisions\/515"}],"wp:featuredmedia":[{"embeddable":true,"href":"https:\/\/svettisku.eu\/index.php\/wp-json\/wp\/v2\/media\/511"}],"wp:attachment":[{"href":"https:\/\/svettisku.eu\/index.php\/wp-json\/wp\/v2\/media?parent=510"}],"wp:term":[{"taxonomy":"category","embeddable":true,"href":"https:\/\/svettisku.eu\/index.php\/wp-json\/wp\/v2\/categories?post=510"},{"taxonomy":"post_tag","embeddable":true,"href":"https:\/\/svettisku.eu\/index.php\/wp-json\/wp\/v2\/tags?post=510"}],"curies":[{"name":"wp","href":"https:\/\/api.w.org\/{rel}","templated":true}]}}