{"id":466,"date":"2023-05-31T13:43:47","date_gmt":"2023-05-31T11:43:47","guid":{"rendered":"https:\/\/svettisku.eu\/?p=466"},"modified":"2023-05-31T13:43:47","modified_gmt":"2023-05-31T11:43:47","slug":"konference-spolecnosti-tisku","status":"publish","type":"post","link":"https:\/\/svettisku.eu\/index.php\/2023\/05\/31\/konference-spolecnosti-tisku\/","title":{"rendered":"Konference spole\u010dnosti tisku"},"content":{"rendered":"\n<p>Ve dnech 16. a 17. 5. 2023 se v\u00a0Bo\u0159etic\u00edch na ji\u017en\u00ed Morav\u011b uskute\u010dnila <strong>Konference Spole\u010dnosti tisku <\/strong>z. s. p\u0159i \u010cSVTS. Na t\u00e9to tradi\u010dn\u00ed jarn\u00ed akci byly mimo jin\u00e9 pod \u0159\u00edzen\u00edm p\u0159edsedy ST V\u00e1clava Mlyn\u00e1\u0159e p\u0159ijaty nov\u00e9 Stanovy spolku, byl zvolen nov\u00fd v\u00fdbor odborn\u00e9 skupiny flexotisku (CFTA) v\u00a0\u010dele s\u00a0p\u0159edsedou Martinem Shejbalem, p\u0159ipomenuto 30. v\u00fdro\u010d\u00ed zalo\u017een\u00ed CFTA a slavnostn\u011b jmenov\u00e1n \u010destn\u00fd \u010dlen Vladim\u00edr Bourek, d\u0159\u00edv\u011bj\u0161\u00ed dlouholet\u00fd p\u0159edseda CFTA. Pot\u00e9 n\u00e1sledoval odborn\u00fd program, v\u011bnovan\u00fd jednak tisku obecn\u011b (z pohledu n\u00e1zvoslov\u00ed a statistik), zaj\u00edmav\u00e9 panelov\u00e9 diskusi z\u00e1stupc\u016f \u0161irok\u00e9 \u0161k\u00e1ly tiska\u0159sk\u00fdch a zpracovatelsk\u00fdch subjekt\u016f, ale p\u0159edev\u0161\u00edm pak flexotisku a novink\u00e1m v\u00a0t\u00e9to atraktivn\u00ed obalov\u00e9 technologii. Konference byla zakon\u010dena spole\u010densk\u00fdm ve\u010derem.<\/p>\n\n\n\n<figure class=\"wp-block-image size-full\"><img loading=\"lazy\" decoding=\"async\" width=\"850\" height=\"486\" src=\"https:\/\/svettisku.eu\/wp-content\/uploads\/2023\/05\/A_ST-5Boretice.jpg\" alt=\"\" class=\"wp-image-467\" srcset=\"https:\/\/svettisku.eu\/wp-content\/uploads\/2023\/05\/A_ST-5Boretice.jpg 850w, https:\/\/svettisku.eu\/wp-content\/uploads\/2023\/05\/A_ST-5Boretice-300x172.jpg 300w, https:\/\/svettisku.eu\/wp-content\/uploads\/2023\/05\/A_ST-5Boretice-768x439.jpg 768w\" sizes=\"auto, (max-width: 850px) 100vw, 850px\" \/><\/figure>\n","protected":false},"excerpt":{"rendered":"<p>Ve dnech 16. a 17. 5. 2023 se v\u00a0Bo\u0159etic\u00edch na ji\u017en\u00ed Morav\u011b uskute\u010dnila Konference Spole\u010dnosti tisku z. s. p\u0159i \u010cSVTS. Na t\u00e9to tradi\u010dn\u00ed jarn\u00ed akci byly mimo jin\u00e9 pod \u0159\u00edzen\u00edm p\u0159edsedy ST V\u00e1clava Mlyn\u00e1\u0159e p\u0159ijaty nov\u00e9 Stanovy spolku, byl zvolen nov\u00fd v\u00fdbor odborn\u00e9 skupiny flexotisku (CFTA) v\u00a0\u010dele s\u00a0p\u0159edsedou Martinem Shejbalem,<\/p>\n","protected":false},"author":2,"featured_media":468,"comment_status":"closed","ping_status":"","sticky":false,"template":"","format":"standard","meta":{"footnotes":""},"categories":[4,10],"tags":[],"class_list":["post-466","post","type-post","status-publish","format-standard","has-post-thumbnail","hentry","category-ostatni","category-press",""],"_links":{"self":[{"href":"https:\/\/svettisku.eu\/index.php\/wp-json\/wp\/v2\/posts\/466","targetHints":{"allow":["GET"]}}],"collection":[{"href":"https:\/\/svettisku.eu\/index.php\/wp-json\/wp\/v2\/posts"}],"about":[{"href":"https:\/\/svettisku.eu\/index.php\/wp-json\/wp\/v2\/types\/post"}],"author":[{"embeddable":true,"href":"https:\/\/svettisku.eu\/index.php\/wp-json\/wp\/v2\/users\/2"}],"replies":[{"embeddable":true,"href":"https:\/\/svettisku.eu\/index.php\/wp-json\/wp\/v2\/comments?post=466"}],"version-history":[{"count":1,"href":"https:\/\/svettisku.eu\/index.php\/wp-json\/wp\/v2\/posts\/466\/revisions"}],"predecessor-version":[{"id":469,"href":"https:\/\/svettisku.eu\/index.php\/wp-json\/wp\/v2\/posts\/466\/revisions\/469"}],"wp:featuredmedia":[{"embeddable":true,"href":"https:\/\/svettisku.eu\/index.php\/wp-json\/wp\/v2\/media\/468"}],"wp:attachment":[{"href":"https:\/\/svettisku.eu\/index.php\/wp-json\/wp\/v2\/media?parent=466"}],"wp:term":[{"taxonomy":"category","embeddable":true,"href":"https:\/\/svettisku.eu\/index.php\/wp-json\/wp\/v2\/categories?post=466"},{"taxonomy":"post_tag","embeddable":true,"href":"https:\/\/svettisku.eu\/index.php\/wp-json\/wp\/v2\/tags?post=466"}],"curies":[{"name":"wp","href":"https:\/\/api.w.org\/{rel}","templated":true}]}}