{"id":428,"date":"2023-02-23T10:15:22","date_gmt":"2023-02-23T09:15:22","guid":{"rendered":"https:\/\/svettisku.eu\/?p=428"},"modified":"2023-05-25T21:11:34","modified_gmt":"2023-05-25T19:11:34","slug":"konference-spolecnosti-tisku-a-cfta","status":"publish","type":"post","link":"https:\/\/svettisku.eu\/index.php\/2023\/02\/23\/konference-spolecnosti-tisku-a-cfta\/","title":{"rendered":"Konference Spole\u010dnosti tisku a CFTA"},"content":{"rendered":"\n<p>16. kv\u011btna 2023 se uskute\u010dn\u00ed konference Spole\u010dnosti tisku a jej\u00ed odborn\u00e9 skupiny CFTA.<\/p>\n\n\n\n<p>T\u011b\u0161it se m\u016f\u017eete na:<br>\u2022 Odborn\u00e9 p\u0159edn\u00e1\u0161ky<br>\u2022 Panelovou diskuzi<br>\u2022 Neform\u00e1ln\u00ed setk\u00e1n\u00ed u sklenky v\u00edna<\/p>\n\n\n\n<p><\/p>\n\n\n\n<figure class=\"wp-block-image size-large\"><img loading=\"lazy\" decoding=\"async\" width=\"1024\" height=\"724\" src=\"https:\/\/svettisku.eu\/wp-content\/uploads\/2023\/02\/Konference_kveten_annonce-1024x724.jpg\" alt=\"\" class=\"wp-image-429\" srcset=\"https:\/\/svettisku.eu\/wp-content\/uploads\/2023\/02\/Konference_kveten_annonce-1024x724.jpg 1024w, https:\/\/svettisku.eu\/wp-content\/uploads\/2023\/02\/Konference_kveten_annonce-300x212.jpg 300w, https:\/\/svettisku.eu\/wp-content\/uploads\/2023\/02\/Konference_kveten_annonce-768x543.jpg 768w, https:\/\/svettisku.eu\/wp-content\/uploads\/2023\/02\/Konference_kveten_annonce-1536x1086.jpg 1536w, https:\/\/svettisku.eu\/wp-content\/uploads\/2023\/02\/Konference_kveten_annonce-1170x827.jpg 1170w, https:\/\/svettisku.eu\/wp-content\/uploads\/2023\/02\/Konference_kveten_annonce.jpg 2000w\" sizes=\"auto, (max-width: 1024px) 100vw, 1024px\" \/><\/figure>\n","protected":false},"excerpt":{"rendered":"<p>16. kv\u011btna 2023 se uskute\u010dn\u00ed konference Spole\u010dnosti tisku a jej\u00ed odborn\u00e9 skupiny CFTA. T\u011b\u0161it se m\u016f\u017eete na:\u2022 Odborn\u00e9 p\u0159edn\u00e1\u0161ky\u2022 Panelovou diskuzi\u2022 Neform\u00e1ln\u00ed setk\u00e1n\u00ed u sklenky v\u00edna<\/p>\n","protected":false},"author":1,"featured_media":429,"comment_status":"closed","ping_status":"","sticky":false,"template":"","format":"standard","meta":{"footnotes":""},"categories":[4,10],"tags":[],"class_list":["post-428","post","type-post","status-publish","format-standard","has-post-thumbnail","hentry","category-ostatni","category-press",""],"_links":{"self":[{"href":"https:\/\/svettisku.eu\/index.php\/wp-json\/wp\/v2\/posts\/428","targetHints":{"allow":["GET"]}}],"collection":[{"href":"https:\/\/svettisku.eu\/index.php\/wp-json\/wp\/v2\/posts"}],"about":[{"href":"https:\/\/svettisku.eu\/index.php\/wp-json\/wp\/v2\/types\/post"}],"author":[{"embeddable":true,"href":"https:\/\/svettisku.eu\/index.php\/wp-json\/wp\/v2\/users\/1"}],"replies":[{"embeddable":true,"href":"https:\/\/svettisku.eu\/index.php\/wp-json\/wp\/v2\/comments?post=428"}],"version-history":[{"count":1,"href":"https:\/\/svettisku.eu\/index.php\/wp-json\/wp\/v2\/posts\/428\/revisions"}],"predecessor-version":[{"id":430,"href":"https:\/\/svettisku.eu\/index.php\/wp-json\/wp\/v2\/posts\/428\/revisions\/430"}],"wp:featuredmedia":[{"embeddable":true,"href":"https:\/\/svettisku.eu\/index.php\/wp-json\/wp\/v2\/media\/429"}],"wp:attachment":[{"href":"https:\/\/svettisku.eu\/index.php\/wp-json\/wp\/v2\/media?parent=428"}],"wp:term":[{"taxonomy":"category","embeddable":true,"href":"https:\/\/svettisku.eu\/index.php\/wp-json\/wp\/v2\/categories?post=428"},{"taxonomy":"post_tag","embeddable":true,"href":"https:\/\/svettisku.eu\/index.php\/wp-json\/wp\/v2\/tags?post=428"}],"curies":[{"name":"wp","href":"https:\/\/api.w.org\/{rel}","templated":true}]}}