{"id":323,"date":"2021-04-08T16:55:03","date_gmt":"2021-04-08T14:55:03","guid":{"rendered":"https:\/\/svettisku.eu\/?p=323"},"modified":"2021-04-08T16:55:37","modified_gmt":"2021-04-08T14:55:37","slug":"kyocera-na-veletrhu-virtual-drupa","status":"publish","type":"post","link":"https:\/\/svettisku.eu\/index.php\/2021\/04\/08\/kyocera-na-veletrhu-virtual-drupa\/","title":{"rendered":"Kyocera na veletrhu virtual.drupa"},"content":{"rendered":"\n<p><strong>Kyocera p\u0159edstav\u00ed na veletrhu virtual.drupa p\u0159evratn\u00e9 inovace v oblasti inkoustov\u00e9ho produk\u010dn\u00edho tisku<\/strong><\/p>\n\n\n\n<figure class=\"wp-block-image size-large is-resized\"><img loading=\"lazy\" decoding=\"async\" src=\"https:\/\/svettisku.eu\/wp-content\/uploads\/2021\/04\/kyocera-1.jpg\" alt=\"\" class=\"wp-image-326\" width=\"409\" height=\"132\" srcset=\"https:\/\/svettisku.eu\/wp-content\/uploads\/2021\/04\/kyocera-1.jpg 805w, https:\/\/svettisku.eu\/wp-content\/uploads\/2021\/04\/kyocera-1-300x97.jpg 300w, https:\/\/svettisku.eu\/wp-content\/uploads\/2021\/04\/kyocera-1-768x247.jpg 768w\" sizes=\"auto, (max-width: 409px) 100vw, 409px\" \/><\/figure>\n\n\n\n<p><strong>Spole\u010dnost Kyocera p\u0159edstav\u00ed na p\u0159edn\u00edm sv\u011btov\u00e9m veletrhu tiskov\u00fdch technologi\u00ed virtual.drupa sv\u00e9 prvn\u00ed inkoustov\u00e9 produk\u010dn\u00ed tiskov\u00e9 za\u0159\u00edzen\u00ed TASKalfa Pro 15000c. Veletrh se bude konat od 20. do 23. dubna 2021 tentokr\u00e1t poprv\u00e9 v online podob\u011b.<\/strong><\/p>\n\n\n\n<p>Po lo\u0148sk\u00e9m zru\u0161en\u00ed veletrhu z d\u016fvodu pandemie a vzhledem k sou\u010dasn\u00e9 pandemick\u00e9 situaci v Evrop\u011b Drupa ozn\u00e1mila, \u017ee se veletrh v leto\u0161n\u00edm roce uskute\u010dn\u00ed ve dnech 20. a\u017e 23. dubna 2021 ve virtu\u00e1ln\u00ed podob\u011b. Kyocera, p\u0159edn\u00ed dodavatel tisk\u00e1ren a \u0159e\u0161en\u00ed pro spr\u00e1vu dokument\u016f, bude na veletrhu prezentovat svou nab\u00eddku, kter\u00e1 je zam\u011b\u0159ena zejm\u00e9na na transak\u010dn\u00ed tisk a direct mail.<\/p>\n\n\n\n<p>Ka\u017ed\u00fd ze \u010dty\u0159 dn\u016f veletrhu virtual.drupa 2021 bude v\u011bnov\u00e1n konkr\u00e9tn\u00edmu t\u00e9matu: Um\u011bl\u00e1 inteligence, Cirkul\u00e1rn\u00ed ekonomika, Propojen\u00fd spot\u0159ebitel a Ekonomika platforem. Na ka\u017ed\u00e9m z t\u011bchto segment\u016f se p\u0159edstav\u00ed \u0159ada \u0161pi\u010dkov\u00fdch \u0159e\u010dn\u00edk\u016f a uskute\u010dn\u00ed se speci\u00e1ln\u00ed setk\u00e1n\u00ed s experty z tiskov\u00e9ho pr\u016fmyslu. Kyocera se zam\u011b\u0159\u00ed na komer\u010dn\u00ed a transak\u010dn\u00ed tiskov\u00fd sektor s uk\u00e1zkou p\u0159\u00ednos\u016f a v\u00fdhod <a href=\"https:\/\/www.kyoceradocumentsolutions.cz\/cs\/about-us\/contact-us\/press\/kyocera-taskalfa-pro-15000c-ziskala-prestizni-cenu-edp.html\">ocen\u011bn\u00e9ho za\u0159\u00edzen\u00ed TASKalfa Pro 15000c.<\/a><\/p>\n\n\n\n<p>Za spole\u010dnost Kyocera Document Solutions Europe se z\u00fa\u010dastn\u00ed n\u011bkolik specialist\u016f, kte\u0159\u00ed tuto ud\u00e1lost ozna\u010dili jako ide\u00e1ln\u00ed platformu pro vystaven\u00ed prvn\u00edho produk\u010dn\u00edho inkoustov\u00e9ho tiskov\u00e9ho za\u0159\u00edzen\u00ed TASKalfa Pro 15000c, kter\u00e9 podporuje organizace s ambic\u00ed propojit nejlep\u0161\u00ed technologie s lidsk\u00fdm p\u0159\u00edstupem. Toto za\u0159\u00edzen\u00ed ukazuje strategick\u00e9 z\u00e1m\u011bry v pl\u00e1nech spole\u010dnosti Kyocera, kde bude produk\u010dn\u00ed tiskov\u00fd sektor hr\u00e1t z\u00e1sadn\u00ed roli.<\/p>\n\n\n\n<p>&#8222;P\u0159edn\u011b chci podotknout, \u017ee v\u0161ichni tady v Kyoce\u0159e jsme r\u00e1di, \u017ee veletrh drupa je zp\u011bt. Jsme pot\u011b\u0161eni, \u017ee se m\u016f\u017eeme st\u00e1t sou\u010d\u00e1st\u00ed t\u00e9to nov\u00e9 formy veletrhu a m\u016f\u017eeme tak p\u0159edv\u00e9st schopnosti TASKalfa Pro 15000c sv\u011btu&#8220;, \u0159\u00edk\u00e1 Marcel Ebbenhorst, Production Print Manager ve spole\u010dnosti Kyocera Document Solutions Europe.<\/p>\n\n\n\n<p>Kyocera bude b\u011bhem virtual.drupa 2021 hostit dv\u011b speci\u00e1ln\u00ed relace zam\u011b\u0159en\u00e9 na oblasti <strong>transak\u010dn\u00edho tisku a direct mailu<\/strong>. \u00da\u010dastn\u00edci si tak\u00e9 budou moci napl\u00e1novat individu\u00e1ln\u00ed osobn\u00ed sch\u016fzky, kde budou m\u00edt mo\u017enost diskutovat o mnoha v\u00fdhod\u00e1ch, kter\u00e9 za\u0159\u00edzen\u00ed p\u0159inese jejich podnik\u00e1n\u00ed, a\u0165 u\u017e ve zdravotnictv\u00ed, \u0161kolstv\u00ed, financ\u00edch nebo v jak\u00e9mkoli jin\u00e9m odv\u011btv\u00ed, kde se kvalitn\u00ed ti\u0161t\u011bn\u00e9 materi\u00e1ly, jako jsou faktury, let\u00e1ky a bro\u017eury, vyu\u017e\u00edvaj\u00ed.<\/p>\n\n\n\n<p>&#8222;TASKalfa Pro 15000c p\u0159edstavuje pro Kyoceru novou kapitolu. Tyto dva speci\u00e1ln\u00ed webin\u00e1\u0159e spole\u010dn\u011b s individu\u00e1ln\u00edmi sch\u016fzkami bezpochyby uk\u00e1\u017e\u00ed veletrh Virtual.Drupa 2021 jako neocenitelnou platformu, kter\u00e1 n\u00e1m umo\u017en\u00ed p\u0159ibl\u00ed\u017eit n\u00e1\u0161 produkt na\u0161emu c\u00edlov\u00e9mu publiku&#8220;, \u0159\u00edk\u00e1 Marcel Ebbenhorst. &#8222;Ji\u017e se nem\u016f\u017eu do\u010dkat!&#8220;<\/p>\n\n\n\n<p>virtual.drupa 2021 slibuje, \u017ee bude velkolepou online oslavou tiskov\u00fdch technologi\u00ed, proto\u017ee se po dobu \u010dty\u0159 dn\u016f pln\u00fdch akc\u00ed sejdou ty nejlep\u0161\u00ed mozky a \u0161pi\u010dkov\u00e1 \u0159e\u0161en\u00ed z oboru.<\/p>\n\n\n\n<p>K hlavn\u00edm aktivit\u00e1m \u00fa\u010dasti Kyocera pat\u0159\u00ed n\u00e1sleduj\u00edc\u00ed dva webin\u00e1\u0159e:<\/p>\n\n\n\n<p>\u00dater\u00fd 20. dubna, 12:40 CET: Archov\u00fd inkoustov\u00fd tisk: Perfektn\u00ed volba pro transak\u010dn\u00ed tisk (<a href=\"https:\/\/events.drupa.de\/en\/event\/cut-sheet-inkjet-experience-sustainable-roi\">link na webin\u00e1\u0159<\/a>)<\/p>\n\n\n\n<p>\u010ctvrtek 23. dubna, 12:40 CET: Inkoustov\u00e1 technologie Kyocera: Zv\u00fd\u0161en\u00ed produktivity v direct mailu (<a href=\"https:\/\/events.drupa.de\/en\/event\/kyoceras-inkjet-technology-boosting-productivity-in-direct-mail\">link na webin\u00e1\u0159<\/a>)<\/p>\n\n\n\n<p>Chcete-li se zdarma zaregistrovat na virtual.drupa 2021 nebo z\u00edskat v\u00edce informac\u00ed o akci a aktivit\u00e1ch spole\u010dnosti Kyocera, nav\u0161tivte n\u00e1sleduj\u00edc\u00ed <a href=\"https:\/\/virtual.drupa.com\/vis\/v1\/en\/exhibitors\/drupa2020.2679786?oid=45813&amp;lang=2\">odkaz<\/a>.<\/p>\n","protected":false},"excerpt":{"rendered":"<p>Kyocera p\u0159edstav\u00ed na veletrhu virtual.drupa p\u0159evratn\u00e9 inovace v oblasti inkoustov\u00e9ho produk\u010dn\u00edho tisku Spole\u010dnost Kyocera p\u0159edstav\u00ed na p\u0159edn\u00edm sv\u011btov\u00e9m veletrhu tiskov\u00fdch technologi\u00ed virtual.drupa sv\u00e9 prvn\u00ed inkoustov\u00e9 produk\u010dn\u00ed tiskov\u00e9 za\u0159\u00edzen\u00ed TASKalfa Pro 15000c. Veletrh se bude konat od 20. do 23. dubna 2021 tentokr\u00e1t poprv\u00e9 v online podob\u011b. Po lo\u0148sk\u00e9m zru\u0161en\u00ed veletrhu<\/p>\n","protected":false},"author":2,"featured_media":324,"comment_status":"closed","ping_status":"","sticky":false,"template":"","format":"standard","meta":{"footnotes":""},"categories":[4,10],"tags":[],"class_list":["post-323","post","type-post","status-publish","format-standard","has-post-thumbnail","hentry","category-ostatni","category-press",""],"_links":{"self":[{"href":"https:\/\/svettisku.eu\/index.php\/wp-json\/wp\/v2\/posts\/323","targetHints":{"allow":["GET"]}}],"collection":[{"href":"https:\/\/svettisku.eu\/index.php\/wp-json\/wp\/v2\/posts"}],"about":[{"href":"https:\/\/svettisku.eu\/index.php\/wp-json\/wp\/v2\/types\/post"}],"author":[{"embeddable":true,"href":"https:\/\/svettisku.eu\/index.php\/wp-json\/wp\/v2\/users\/2"}],"replies":[{"embeddable":true,"href":"https:\/\/svettisku.eu\/index.php\/wp-json\/wp\/v2\/comments?post=323"}],"version-history":[{"count":2,"href":"https:\/\/svettisku.eu\/index.php\/wp-json\/wp\/v2\/posts\/323\/revisions"}],"predecessor-version":[{"id":327,"href":"https:\/\/svettisku.eu\/index.php\/wp-json\/wp\/v2\/posts\/323\/revisions\/327"}],"wp:featuredmedia":[{"embeddable":true,"href":"https:\/\/svettisku.eu\/index.php\/wp-json\/wp\/v2\/media\/324"}],"wp:attachment":[{"href":"https:\/\/svettisku.eu\/index.php\/wp-json\/wp\/v2\/media?parent=323"}],"wp:term":[{"taxonomy":"category","embeddable":true,"href":"https:\/\/svettisku.eu\/index.php\/wp-json\/wp\/v2\/categories?post=323"},{"taxonomy":"post_tag","embeddable":true,"href":"https:\/\/svettisku.eu\/index.php\/wp-json\/wp\/v2\/tags?post=323"}],"curies":[{"name":"wp","href":"https:\/\/api.w.org\/{rel}","templated":true}]}}