{"id":258,"date":"2021-03-04T17:54:18","date_gmt":"2021-03-04T16:54:18","guid":{"rendered":"https:\/\/svettisku.eu\/?p=258"},"modified":"2021-03-04T18:04:05","modified_gmt":"2021-03-04T17:04:05","slug":"rondo-posiluje-v-digitalnim-tisku","status":"publish","type":"post","link":"https:\/\/svettisku.eu\/index.php\/2021\/03\/04\/rondo-posiluje-v-digitalnim-tisku\/","title":{"rendered":"Rondo posiluje v digit\u00e1ln\u00edm tisku"},"content":{"rendered":"\n<p><strong>N\u00e1r\u016fst obratu firmy Rondo v digit\u00e1ln\u00edm tisku o 30 % d\u00edky stroji Delta SPC 130 od Koenig &amp; Bauer Durst<\/strong><\/p>\n\n\n\n<ul class=\"wp-block-list\"><li>V\u00fdrobce skl\u00e1dan\u00fdch krabic z vlnit\u00e9 lepenky reaguje strojem pro digit\u00e1ln\u00ed tisk na zv\u00fd\u0161enou popt\u00e1vku<\/li><li>Zm\u011bna zna\u010dkov\u00fdch produkt\u016f: v\u00edce flexo zak\u00e1zek pro stroj Delta SPC 130 FlexLine Automatic<\/li><li>Koenig &amp; Bauer Durst nab\u00edz\u00ed v reakci na glob\u00e1ln\u00ed diskuzi o plastov\u00fdch obalech kompletn\u00ed alternativu<\/li><\/ul>\n\n\n\n<p><strong>Rondo Ganahl odhaluje pl\u00e1ny na vlastn\u00ed centrum digit\u00e1ln\u00edho tisku. Investice do stroje Delta SPC 130 FlexLine Automatic spole\u010dnosti Koenig &amp; Bauer Durst p\u0159inesla v\u00fdznamn\u00fd n\u00e1r\u016fst obratu a ud\u00e1v\u00e1 sm\u011br.<\/strong><\/p>\n\n\n\n<p>Delta SPC 130 se svoj\u00ed technologi\u00ed zalo\u017eenou na tisku vodou \u0159editeln\u00fdmi barvami spl\u0148uje po\u017eadavky produkt\u016f obalov\u00e9ho pr\u016fmyslu pro potravin\u00e1\u0159stv\u00ed. Rondo po\u010d\u00edt\u00e1 s velk\u00fdm potenci\u00e1lem technologie s kr\u00e1tkou dobou p\u0159\u00edpravy a sou\u010dasn\u011b vynikaj\u00edc\u00ed kvalitou tisku na \u00farovni ofsetu.<\/p>\n\n\n\n<figure class=\"wp-block-image\"><img decoding=\"async\" src=\"https:\/\/cz.koenig-bauer.com\/fileadmin\/_processed_\/e\/8\/csm_20181114_rondo_aerial_web_g_043b7b1d10.jpg\" alt=\"\" title=\"\"\/><\/figure>\n\n\n\n<p>Ji\u017e na podzim 2021 m\u00e1 b\u00fdt v rakousk\u00e9m z\u00e1vodu v St. Ruprecht an der Raab otev\u0159ena nov\u00e1 v\u00fdrobn\u00ed hala pro digit\u00e1ln\u00ed tisk jako odpov\u011b\u010f na pr\u016fb\u011b\u017en\u00fd r\u016fst obratu. P\u0159ed dv\u011bma roky zah\u00e1jil podnik skupiny Rondo, jako jeden ze \u0161esti v&nbsp;Evrop\u011b, digit\u00e1ln\u00ed v\u00fdrobu. P\u0159ibli\u017en\u011b 90&nbsp;% zak\u00e1zek digit\u00e1ln\u00edho tisku firmy Rondo p\u0159ich\u00e1z\u00ed od potravin\u00e1\u0159sk\u00e9ho pr\u016fmyslu. &nbsp;<\/p>\n\n\n\n<p>Karl Pucher, jednatel spole\u010dnosti Rondo Ganahl, St. Ruprecht an der Raab, \u0159\u00edk\u00e1: \u201eTradi\u010dn\u011b jsme pracovali s technologi\u00ed flexotisku a ofsetu a ji\u017e dlouho p\u0159em\u00fd\u0161leli o zah\u00e1jen\u00ed digit\u00e1ln\u00ed v\u00fdroby. P\u0159ed dv\u011bma roky jsme se rozhodli j\u00edt touto cestou. Jsme velmi r\u00e1di, \u017ee jsme tento krok u\u010dinili. Digit\u00e1ln\u00ed produkce vlnit\u00e9 lepenky rostla doposud ka\u017ed\u00fd rok o 25 a\u017e 30&nbsp;% a z\u00e1kazn\u00edci u n\u00e1s i nad\u00e1le objedn\u00e1vaj\u00ed, co\u017e je pro n\u00e1s velmi d\u016fle\u017eit\u00e9.\u201c<\/p>\n\n\n\n<p>\u201eV pandemii za\u017e\u00edv\u00e1me, \u017ee \u010dasy na p\u0159\u00edpravu se zkracuj\u00ed a p\u0159edlohy se velmi \u010dasto m\u011bn\u00ed b\u011bhem kr\u00e1tk\u00e9 doby. D\u00edky na\u0161\u00ed mo\u017enosti digit\u00e1ln\u00edho tisku jsme flexibiln\u00ed a dok\u00e1\u017eeme po\u017eadavky splnit b\u011bhem zvl\u00e1\u0161\u0165 kr\u00e1tk\u00e9 doby. To p\u0159esn\u011b vy\u017eaduj\u00ed tr\u017en\u00ed produkty. Delta SPC 130 s technologi\u00ed zalo\u017eenou na tisku vodou \u0159editeln\u00fdmi barvami spole\u010dnosti Durst nab\u00edz\u00ed \u0159e\u0161en\u00ed, kter\u00e9 pot\u0159ebujeme pro dod\u00e1vky potravin\u00e1\u0159sk\u00e9mu pr\u016fmyslu. R\u016fst objemu zak\u00e1zek byl tak velk\u00fd, \u017ee jsme se rozhodli postavit nov\u00e9 za\u0159\u00edzen\u00ed pro digit\u00e1ln\u00ed tisk. A my douf\u00e1me, \u017ee se n\u00e1m ho poda\u0159\u00ed uv\u00e9st na podzim do provozu.\u201c<\/p>\n\n\n\n<p>Pucher dod\u00e1v\u00e1: \u201eMy jsme nekoupili jen tak n\u011bjak\u00fd stroj. Vstoupili jsme do cel\u00e9ho syst\u00e9mu, kter\u00fd zahrnuje i software pro oblasti jako management zak\u00e1zek, management barev a automatizace. Digit\u00e1ln\u00ed tisk d\u00e1v\u00e1 i odpov\u011bdi na glob\u00e1ln\u00ed diskuzi o pou\u017e\u00edv\u00e1n\u00ed plastov\u00fdch obal\u016f, co\u017e se samoz\u0159ejm\u011b t\u00fdk\u00e1 i potravin\u00e1\u0159stv\u00ed a bezpe\u010dnosti. Pou\u017eit\u00edm bezpe\u010dn\u00fdch barev pro potravin\u00e1\u0159stv\u00ed pro prim\u00e1rn\u00ed a sekund\u00e1rn\u00ed obaly dok\u00e1\u017eeme vyrobit obaly z vlnit\u00e9 lepenky, kter\u00e9 mohou slou\u017eit i jako alternativa plastu. S t\u00edmto syst\u00e9mem, kter\u00fd mohu skute\u010dn\u011b doporu\u010dit, jsme dob\u0159e vyzbrojeni.\u201c<\/p>\n\n\n\n<figure class=\"wp-block-image\"><img decoding=\"async\" src=\"https:\/\/cz.koenig-bauer.com\/fileadmin\/_processed_\/1\/c\/csm_Basic-px_g_01_10c3f752a8.jpg\" alt=\"\" title=\"\"\/><\/figure>\n\n\n\n<p>Robert Stabler, jednatel firmy Koenig &amp; Bauer Durst: \u201eVzhledem k rychl\u00fdm popt\u00e1vk\u00e1m zji\u0161\u0165uj\u00ed n\u00e1sledn\u00ed zpracovatel\u00e9 st\u00e1le v\u00edce a v\u00edce, \u017ee pot\u0159ebuj\u00ed spolehliv\u00e9, mnohostrann\u00e9, kompletn\u00ed \u0159e\u0161en\u00ed, aby byli schopni splnit po\u017eadavky \u017e\u00e1dan\u00fdch polo\u017eek na rychlou realizaci jejich zak\u00e1zek. Spole\u010dnost Rondo je skv\u011bl\u00fdm p\u0159\u00edkladem toho, jak se podniky sna\u017e\u00ed zajistit plynul\u00fd pr\u016fb\u011bh zak\u00e1zek jejich za\u0159\u00edzen\u00edmi tak, \u017ee investuj\u00ed do kompletn\u00edho workflow a syst\u00e9m\u016f managementu barev. S firmou Rondo jsme nav\u00e1zali velmi \u00fazkou a partnerskou spolupr\u00e1ci. Tak mohou t\u00fdmy splnit nov\u00e9 po\u017eadavky, v\u010detn\u011b pou\u017e\u00edv\u00e1n\u00ed tiskov\u00fdch vodou \u0159editeln\u00fdch barev a zajistit dodr\u017een\u00ed bezpe\u010dnosti potravin\u00e1\u0159sk\u00fdch obal\u016f pro prim\u00e1rn\u00ed obaly.\u201c<\/p>\n","protected":false},"excerpt":{"rendered":"<p>N\u00e1r\u016fst obratu firmy Rondo v digit\u00e1ln\u00edm tisku o 30 % d\u00edky stroji Delta SPC 130 od Koenig &amp; Bauer Durst V\u00fdrobce skl\u00e1dan\u00fdch krabic z vlnit\u00e9 lepenky reaguje strojem pro digit\u00e1ln\u00ed tisk na zv\u00fd\u0161enou popt\u00e1vku Zm\u011bna zna\u010dkov\u00fdch produkt\u016f: v\u00edce flexo zak\u00e1zek pro stroj Delta SPC 130 FlexLine Automatic Koenig &amp; Bauer<\/p>\n","protected":false},"author":2,"featured_media":267,"comment_status":"closed","ping_status":"","sticky":false,"template":"","format":"standard","meta":{"footnotes":""},"categories":[4,10],"tags":[],"class_list":["post-258","post","type-post","status-publish","format-standard","has-post-thumbnail","hentry","category-ostatni","category-press",""],"_links":{"self":[{"href":"https:\/\/svettisku.eu\/index.php\/wp-json\/wp\/v2\/posts\/258","targetHints":{"allow":["GET"]}}],"collection":[{"href":"https:\/\/svettisku.eu\/index.php\/wp-json\/wp\/v2\/posts"}],"about":[{"href":"https:\/\/svettisku.eu\/index.php\/wp-json\/wp\/v2\/types\/post"}],"author":[{"embeddable":true,"href":"https:\/\/svettisku.eu\/index.php\/wp-json\/wp\/v2\/users\/2"}],"replies":[{"embeddable":true,"href":"https:\/\/svettisku.eu\/index.php\/wp-json\/wp\/v2\/comments?post=258"}],"version-history":[{"count":1,"href":"https:\/\/svettisku.eu\/index.php\/wp-json\/wp\/v2\/posts\/258\/revisions"}],"predecessor-version":[{"id":259,"href":"https:\/\/svettisku.eu\/index.php\/wp-json\/wp\/v2\/posts\/258\/revisions\/259"}],"wp:featuredmedia":[{"embeddable":true,"href":"https:\/\/svettisku.eu\/index.php\/wp-json\/wp\/v2\/media\/267"}],"wp:attachment":[{"href":"https:\/\/svettisku.eu\/index.php\/wp-json\/wp\/v2\/media?parent=258"}],"wp:term":[{"taxonomy":"category","embeddable":true,"href":"https:\/\/svettisku.eu\/index.php\/wp-json\/wp\/v2\/categories?post=258"},{"taxonomy":"post_tag","embeddable":true,"href":"https:\/\/svettisku.eu\/index.php\/wp-json\/wp\/v2\/tags?post=258"}],"curies":[{"name":"wp","href":"https:\/\/api.w.org\/{rel}","templated":true}]}}