{"id":198,"date":"2021-02-11T10:16:46","date_gmt":"2021-02-11T09:16:46","guid":{"rendered":"https:\/\/svettisku.eu\/?p=198"},"modified":"2021-02-11T10:28:01","modified_gmt":"2021-02-11T09:28:01","slug":"canon-predstavuje-radu-imagepress-c170","status":"publish","type":"post","link":"https:\/\/svettisku.eu\/index.php\/2021\/02\/11\/canon-predstavuje-radu-imagepress-c170\/","title":{"rendered":"Canon p\u0159edstavuje \u0159adu imagePRESS C170"},"content":{"rendered":"\n<p><strong>V\u00edce profesion\u00e1ln\u00edch tv\u016fr\u010d\u00edch mo\u017enost\u00ed v\u00a0kancel\u00e1\u0159i. <\/strong><\/p>\n\n\n\n<p><strong>PRAHA, 3. \u00fanora 2021 \u2013 <\/strong><strong>\u010c\u00edm d\u00e1l v\u00edce firem p\u0159ech\u00e1z\u00ed na&nbsp;hybridn\u00ed zp\u016fsob pr\u00e1ce, s&nbsp;\u010d\u00edm\u017e souvis\u00ed i&nbsp;pot\u0159eba maxim\u00e1ln\u011b zefektivnit dobu str\u00e1venou v&nbsp;kancel\u00e1\u0159i. Krom\u011b spolehliv\u00e9ho a&nbsp;kvalitn\u00edho tisku a&nbsp;skenov\u00e1n\u00ed je zejm\u00e9na pro mal\u00e9 a&nbsp;st\u0159edn\u00ed firmy \u010di kreativn\u00ed agentury v\u00fdhodou zvl\u00e1dnout sv\u00e9pomoc\u00ed t\u00e9\u017e profesion\u00e1ln\u00ed tv\u016fr\u010d\u00ed procesy a&nbsp;zajistit si tak konkuren\u010dn\u00ed v\u00fdhodu. Canon proto p\u0159edstavuje multifunkci imagePRESS C170, kter\u00e1 d\u00edky intuitivn\u00edmu ovl\u00e1d\u00e1n\u00ed, personalizovan\u00e9mu tisku s&nbsp;\u017eiv\u00fdmi barvami, vysok\u00fdm rozli\u0161en\u00ed a&nbsp;mnoha zp\u016fsoby dokon\u010dov\u00e1n\u00ed a&nbsp;rychlosti a\u017e&nbsp;70 barevn\u00fdch stran za&nbsp;minutu pom\u016f\u017ee firm\u00e1m u\u0161et\u0159it \u010das a&nbsp;posunout jejich kreativn\u00ed limity.<\/strong><\/p>\n\n\n\n<p><strong>Hybn\u00e1 s\u00edla kreativity<\/strong><\/p>\n\n\n\n<p>Po&nbsp;\u00fasp\u011b\u0161n\u00e9m uveden\u00ed multifunkce imagePRESS C165 v&nbsp;roce 2019 a&nbsp;s&nbsp;ohledem na&nbsp;neutuchaj\u00edc\u00ed popt\u00e1vku po&nbsp;profesion\u00e1ln\u00edch pracovn\u00edch procesech v&nbsp;kancel\u00e1\u0159sk\u00fdch prost\u0159ed\u00edch p\u0159in\u00e1\u0161\u00ed imagePRESS C170 dal\u0161\u00ed seri\u00f3zn\u00ed tv\u016fr\u010d\u00ed s\u00edlu. Spole\u010dnostem nab\u00edz\u00ed mo\u017enost vytv\u00e1\u0159et ultra barevn\u00e9 ostr\u00e9 v\u00fdtisky, kter\u00e9 spl\u0148uj\u00ed po\u017eadavky na&nbsp;profesion\u00e1ln\u00ed standard.<\/p>\n\n\n\n<p>\u00da\u010delem t\u00e9to nov\u00e9 s\u00e9rie je d\u00e1le podpo\u0159it \u0161irokou \u0161k\u00e1lu firemn\u00edch tiskov\u00fdch pot\u0159eb a\u00a0pomoci jim diverzifikovat kreativn\u00ed mo\u017enosti d\u00edky schopnosti pracovat se\u00a0specifick\u00fdmi form\u00e1ty. Samoz\u0159ejmost\u00ed jsou standardn\u00ed m\u00e9dia A4 a\u00a0A3 v\u010detn\u011b ob\u00e1lek a\u00a0t\u011b\u017ek\u00fdch m\u00e9di\u00ed a\u017e\u00a0do\u00a0350 g\/m<sup>2<\/sup> a\u00a0bannery o\u00a0d\u00e9lce a\u017e\u00a01 300\u00a0mm. ImagePRESS C170 zvl\u00e1d\u00e1 vedle b\u011b\u017en\u00fdch i\u00a0leskl\u00e1, hedv\u00e1bn\u00e1 \u010di texturovan\u00e1 m\u00e9dia a\u00a0nab\u00edz\u00ed t\u00e9\u017e \u0161irokou \u0161k\u00e1lu profesion\u00e1ln\u00edch in-line mo\u017enost\u00ed dokon\u010dov\u00e1n\u00ed pro univerz\u00e1ln\u00ed a\u00a0kreativn\u00ed v\u00fdstupy.<\/p>\n\n\n\n<p><strong>Pos\u00edlen\u00ed produktivity<\/strong><\/p>\n\n\n\n<p>Vzhledem k&nbsp;tomu, \u017ee&nbsp;dne\u0161n\u00ed podniky st\u00e1le v\u00edce sahaj\u00ed k&nbsp;hybridn\u00edmu zp\u016fsobu pr\u00e1ce, je t\u0159eba krom\u011b dostate\u010dn\u00e9ho zaji\u0161t\u011bn\u00ed produktivity zam\u011bstnanc\u016f na&nbsp;home office maximalizovat i&nbsp;produktivitu v&nbsp;dob\u011b pobytu v&nbsp;kancel\u00e1\u0159i. \u0158ada imagePRESS C170, kter\u00e1 kombinuje kancel\u00e1\u0159sk\u00e9 funkce a&nbsp;konektivitu s&nbsp;profesion\u00e1ln\u00edm v\u00fdstupem, umo\u017e\u0148uje z\u00e1kazn\u00edk\u016fm roz\u0161\u00ed\u0159it mo\u017enosti tisku a&nbsp;vyd\u011bl\u00e1vat na&nbsp;sv\u00fdch investic\u00edch.<\/p>\n\n\n\n<p>\u0158ada imagePRESS C170 je navr\u017eena tak, aby spl\u0148ovala po\u017eadavky na&nbsp;rychl\u00e9 vyhotoven\u00ed zak\u00e1zek a&nbsp;term\u00edny zpracov\u00e1n\u00ed, a&nbsp;nab\u00edz\u00ed neuv\u011b\u0159itelnou rychlost a\u017e&nbsp;70 stran za&nbsp;minutu barevn\u011b a&nbsp;a\u017e&nbsp;80 stran za&nbsp;minutu \u010dernob\u00edle. C\u00edlem bylo, aby se&nbsp;stroj dal co nejsnadn\u011bji pou\u017e\u00edvat a&nbsp;nab\u00eddl stejn\u00e9 intuitivn\u00ed rozhran\u00ed, navigaci a&nbsp;z\u00e1kaznickou zku\u0161enost jako ostatn\u00ed za\u0159\u00edzen\u00ed Canon. D\u00edky tomu je\u0161t\u011b v\u00edce \u0161et\u0159\u00ed \u010das.<\/p>\n\n\n\n<p>Podobn\u011b jako modely imageRUNNER ADVANCE DX nab\u00edz\u00ed i&nbsp;\u0159ada imagePRESS C170 bezpe\u010dnostn\u00ed funkce, kter\u00e9 u\u017eivatel\u016fm pom\u00e1haj\u00ed chr\u00e1nit citliv\u00e9 informace, zaji\u0161\u0165uj\u00ed soukrom\u00ed zam\u011bstnanc\u016f a&nbsp;z\u00e1kazn\u00edk\u016f a&nbsp;pom\u00e1haj\u00ed p\u0159i dodr\u017eov\u00e1n\u00ed p\u0159edpis\u016f ve&nbsp;\u0161pi\u010dkov\u00fdch kancel\u00e1\u0159sk\u00fdch a&nbsp;lehk\u00fdch produk\u010dn\u00edch prost\u0159ed\u00edch. T\u0159eba funkce McAfee Embedded Control pomoc\u00ed inteligentn\u00edho seznamu povolen\u00fdch aplikac\u00ed po&nbsp;aktivaci pom\u00e1h\u00e1 blokovat ty, kter\u00e9 nemaj\u00ed pro tento model autorizaci.<\/p>\n\n\n\n<p>\u201e<em>Zp\u016fsob, jak\u00fdm pracujeme, se&nbsp;m\u011bn\u00ed neuv\u011b\u0159itelnou rychlost\u00ed. Pro mnoh\u00e9 je nicm\u00e9n\u011b kancel\u00e1\u0159 centrem spolupr\u00e1ce, kde se&nbsp;setk\u00e1v\u00e1 fyzick\u00e9 s&nbsp;digit\u00e1ln\u00edm a&nbsp;kde se&nbsp;da\u0159\u00ed kreativit\u011b. \u0158ada imagePRESS C170 nab\u00edz\u00ed \u0161pi\u010dkovou tiskovou technologii a&nbsp;mo\u017enosti profesion\u00e1ln\u00edho dokon\u010dov\u00e1n\u00ed, kter\u00e9 maximalizuj\u00ed s\u00edlu tisku a&nbsp;podnik\u016fm dovol\u00ed plnohodnotnou hybridn\u00ed pr\u00e1ci,\u201c<\/em> \u0159\u00edk\u00e1 Hiro Imamura, viceprezident pro marketing skupiny Document Solutions Group ve&nbsp;spole\u010dnosti Canon Europe.<\/p>\n\n\n\n<p>Dal\u0161\u00ed informace o\u00a0nov\u00e9 s\u00e9rii imagePRESS C170 naleznete <a href=\"https:\/\/www.canon.cz\/business-printers-and-faxes\/imagepress-c170\/\">v prezentavi na str\u00e1nk\u00e1ch spole\u010dnosti Canon <\/a><a href=\"https:\/\/www.canon.cz\/business-printers-and-faxes\/imagepress-c170\/\"><\/a>.<\/p>\n\n\n\n<p><strong>Kl\u00ed\u010dov\u00e9 specifikace s\u00e9rie imagePRESS C170<\/strong><\/p>\n\n\n\n<ul class=\"wp-block-list\"><li>Rychlost tisku na&nbsp;A4 a\u017e&nbsp;70 str.\/min barevn\u011b a&nbsp;80 str.\/min \u010dernob\u00edle<\/li><li>Skenov\u00e1n\u00ed A4 a\u017e&nbsp;240 obr.\/min<\/li><li>D\u00e9lka m\u00e9dia a\u017e&nbsp;1&nbsp;300&nbsp;mm a&nbsp;hmotnost m\u00e9di\u00ed a\u017e&nbsp;350 g\/m<sup>2<\/sup><\/li><li>Vysoce kvalitn\u00ed v\u00fdstup s&nbsp;precizn\u00ed kvalitou obrazu a&nbsp;ostrost\u00ed d\u00edky imagePRESS R-VCSEL a&nbsp;rozli\u0161en\u00ed tisku 2400 x 2400<\/li><li>360\u00b0 zabezpe\u010den\u00ed se&nbsp;softwarem McAfee Embedded Control<\/li><li>Konzistentn\u00ed kvalita s&nbsp;technologi\u00ed Multi-Density Adjustment<\/li><li>Platforma p\u0159ipraven\u00e1 na&nbsp;multifunk\u010dn\u00ed integrovanou aplika\u010dn\u00ed platformu (MEAP) a&nbsp;funkce tisku odkudkoli s&nbsp;uniFLOW Online a&nbsp;Mopria<\/li><\/ul>\n","protected":false},"excerpt":{"rendered":"<p>V\u00edce profesion\u00e1ln\u00edch tv\u016fr\u010d\u00edch mo\u017enost\u00ed v\u00a0kancel\u00e1\u0159i. PRAHA, 3. \u00fanora 2021 \u2013 \u010c\u00edm d\u00e1l v\u00edce firem p\u0159ech\u00e1z\u00ed na&nbsp;hybridn\u00ed zp\u016fsob pr\u00e1ce, s&nbsp;\u010d\u00edm\u017e souvis\u00ed i&nbsp;pot\u0159eba maxim\u00e1ln\u011b zefektivnit dobu str\u00e1venou v&nbsp;kancel\u00e1\u0159i. Krom\u011b spolehliv\u00e9ho a&nbsp;kvalitn\u00edho tisku a&nbsp;skenov\u00e1n\u00ed je zejm\u00e9na pro mal\u00e9 a&nbsp;st\u0159edn\u00ed firmy \u010di kreativn\u00ed agentury v\u00fdhodou zvl\u00e1dnout sv\u00e9pomoc\u00ed t\u00e9\u017e profesion\u00e1ln\u00ed tv\u016fr\u010d\u00ed procesy a&nbsp;zajistit si tak<\/p>\n","protected":false},"author":2,"featured_media":200,"comment_status":"closed","ping_status":"closed","sticky":false,"template":"","format":"standard","meta":{"footnotes":""},"categories":[4,10],"tags":[],"class_list":["post-198","post","type-post","status-publish","format-standard","has-post-thumbnail","hentry","category-ostatni","category-press",""],"_links":{"self":[{"href":"https:\/\/svettisku.eu\/index.php\/wp-json\/wp\/v2\/posts\/198","targetHints":{"allow":["GET"]}}],"collection":[{"href":"https:\/\/svettisku.eu\/index.php\/wp-json\/wp\/v2\/posts"}],"about":[{"href":"https:\/\/svettisku.eu\/index.php\/wp-json\/wp\/v2\/types\/post"}],"author":[{"embeddable":true,"href":"https:\/\/svettisku.eu\/index.php\/wp-json\/wp\/v2\/users\/2"}],"replies":[{"embeddable":true,"href":"https:\/\/svettisku.eu\/index.php\/wp-json\/wp\/v2\/comments?post=198"}],"version-history":[{"count":2,"href":"https:\/\/svettisku.eu\/index.php\/wp-json\/wp\/v2\/posts\/198\/revisions"}],"predecessor-version":[{"id":202,"href":"https:\/\/svettisku.eu\/index.php\/wp-json\/wp\/v2\/posts\/198\/revisions\/202"}],"wp:featuredmedia":[{"embeddable":true,"href":"https:\/\/svettisku.eu\/index.php\/wp-json\/wp\/v2\/media\/200"}],"wp:attachment":[{"href":"https:\/\/svettisku.eu\/index.php\/wp-json\/wp\/v2\/media?parent=198"}],"wp:term":[{"taxonomy":"category","embeddable":true,"href":"https:\/\/svettisku.eu\/index.php\/wp-json\/wp\/v2\/categories?post=198"},{"taxonomy":"post_tag","embeddable":true,"href":"https:\/\/svettisku.eu\/index.php\/wp-json\/wp\/v2\/tags?post=198"}],"curies":[{"name":"wp","href":"https:\/\/api.w.org\/{rel}","templated":true}]}}